{"id":1644,"date":"2022-05-18T19:14:21","date_gmt":"2022-05-18T17:14:21","guid":{"rendered":"https:\/\/www.fidelfrances.es\/?p=1644"},"modified":"2022-06-24T20:26:40","modified_gmt":"2022-06-24T18:26:40","slug":"alcarras","status":"publish","type":"post","link":"https:\/\/www.fidelfrances.es\/index.php\/2022\/05\/18\/alcarras\/","title":{"rendered":"Alcarr\u00e1s"},"content":{"rendered":"<p>El pasado fin de semana puede ver la pel\u00edcula de Carla Sim\u00f3n que a obtenido recientemente el Oso de Oro del Festival de Berl\u00edn.<\/p>\n<p>Me sorprendi\u00f3, adem\u00e1s dela buena fotograf\u00eda, la profesionalidad de los actores, todos ellos vecinos del pueblo y ninguno actor profesional.<!--more--><\/p>\n<p>El tema fundamental es la reivindicaci\u00f3n de la vida en el campo, las tradiciones de una familia del interior de la provincia de Lleida dedicada al cultivo del melocot\u00f3n y la repercusi\u00f3n que tiene la irrupci\u00f3n de las energ\u00edas limpias. En concreto el due\u00f1o de las tierras-la familia que las explota no tiene firmado ning\u00fan documento- ha decidido ceder a la oferta de una gran empresa para instalar huertos solares.<\/p>\n<p>El mensaje es la lucha entre mantener una tierra productiva y f\u00e9rtil, con gran esfuerzo por parte de toda la familia, o optar por el beneficio que supone la modernidad y el futuro las energ\u00edas limpias. Un canto ala tradici\u00f3n<\/p>\n","protected":false},"excerpt":{"rendered":"<p>El pasado fin de semana puede ver la pel\u00edcula de Carla Sim\u00f3n que a obtenido recientemente el Oso de Oro del Festival de Berl\u00edn. Me sorprendi\u00f3, adem\u00e1s dela buena fotograf\u00eda, la profesionalidad de los actores, todos ellos vecinos del pueblo y ninguno actor profesional.<\/p>\n","protected":false},"author":1,"featured_media":0,"comment_status":"open","ping_status":"open","sticky":false,"template":"","format":"standard","meta":{"footnotes":""},"categories":[57],"tags":[],"class_list":["post-1644","post","type-post","status-publish","format-standard","hentry","category-cine-y-teatro"],"_links":{"self":[{"href":"https:\/\/www.fidelfrances.es\/index.php\/wp-json\/wp\/v2\/posts\/1644","targetHints":{"allow":["GET"]}}],"collection":[{"href":"https:\/\/www.fidelfrances.es\/index.php\/wp-json\/wp\/v2\/posts"}],"about":[{"href":"https:\/\/www.fidelfrances.es\/index.php\/wp-json\/wp\/v2\/types\/post"}],"author":[{"embeddable":true,"href":"https:\/\/www.fidelfrances.es\/index.php\/wp-json\/wp\/v2\/users\/1"}],"replies":[{"embeddable":true,"href":"https:\/\/www.fidelfrances.es\/index.php\/wp-json\/wp\/v2\/comments?post=1644"}],"version-history":[{"count":1,"href":"https:\/\/www.fidelfrances.es\/index.php\/wp-json\/wp\/v2\/posts\/1644\/revisions"}],"predecessor-version":[{"id":1645,"href":"https:\/\/www.fidelfrances.es\/index.php\/wp-json\/wp\/v2\/posts\/1644\/revisions\/1645"}],"wp:attachment":[{"href":"https:\/\/www.fidelfrances.es\/index.php\/wp-json\/wp\/v2\/media?parent=1644"}],"wp:term":[{"taxonomy":"category","embeddable":true,"href":"https:\/\/www.fidelfrances.es\/index.php\/wp-json\/wp\/v2\/categories?post=1644"},{"taxonomy":"post_tag","embeddable":true,"href":"https:\/\/www.fidelfrances.es\/index.php\/wp-json\/wp\/v2\/tags?post=1644"}],"curies":[{"name":"wp","href":"https:\/\/api.w.org\/{rel}","templated":true}]}}