{"id":1712,"date":"2022-08-24T20:19:03","date_gmt":"2022-08-24T18:19:03","guid":{"rendered":"https:\/\/www.fidelfrances.es\/?p=1712"},"modified":"2022-08-24T20:19:03","modified_gmt":"2022-08-24T18:19:03","slug":"prometeo-encadenado","status":"publish","type":"post","link":"https:\/\/www.fidelfrances.es\/index.php\/2022\/08\/24\/prometeo-encadenado\/","title":{"rendered":"Prometeo encadenado"},"content":{"rendered":"<p>En 2019 tuve la ocasi\u00f3n de asistir a la representaci\u00f3n en el Teatro Romano de M\u00e9rida de la versi\u00f3n de \u00abPrometeo\u00bb escrita por Luis Garc\u00eda Montero y dirigida por Jos\u00e9 Carlos Plaza con Llu\u00eds Homar como protagonista, entre otros.<\/p>\n<p>Me encant\u00f3 la obra y ahora he le\u00eddo el libro que sobre la misma ha publicado en Alfaguara Luis Garc\u00eda Montero y que adem\u00e1s incluye un Manual de Supervivencia muy recomendable para entender la versi\u00f3n moderna de Prometeo.<!--more--><\/p>\n<p>Ahora que empieza una nuevo curso pol\u00edtico que promete ser\u00eda muy interesante acudir a esta versi\u00f3n moderna del mito de Esquilo y no olvidar, por ejemplo, que cuando otorg\u00f3 el fuego a los humanos incluy\u00f3 tambi\u00e9n la previsi\u00f3n y adem\u00e1s que la convivencia ha de entender:<\/p>\n<p>Que la libertad democr\u00e1tica no es la ley del m\u00e1s fuerte<\/p>\n<p>Que libertad e igualdad son inseparables y han de respetar los derechos individuales y colectivos.<\/p>\n<p>Que no es bueno confundir deseos con derechos<\/p>\n<p>Que el olvido es la peor negaci\u00f3n del futuro<\/p>\n<p>Que el desamparo hace que los totalitarismos prendan en los mas necesitados<\/p>\n<p>Que es necesario seguir luchando contra los populismos y las nuevas formas de analfabetismo<\/p>\n<p>Que es mejor pensar lo que decimos a decir lo que pensamos<\/p>\n<p>&nbsp;<\/p>\n","protected":false},"excerpt":{"rendered":"<p>En 2019 tuve la ocasi\u00f3n de asistir a la representaci\u00f3n en el Teatro Romano de M\u00e9rida de la versi\u00f3n de \u00abPrometeo\u00bb escrita por Luis Garc\u00eda Montero y dirigida por Jos\u00e9 Carlos Plaza con Llu\u00eds Homar como protagonista, entre otros. Me encant\u00f3 la obra y ahora he le\u00eddo el libro que sobre la misma ha publicado &hellip; <\/p>\n<p class=\"link-more\"><a href=\"https:\/\/www.fidelfrances.es\/index.php\/2022\/08\/24\/prometeo-encadenado\/\" class=\"more-link\">Continuar leyendo<span class=\"screen-reader-text\"> \u00abPrometeo encadenado\u00bb<\/span><\/a><\/p>\n","protected":false},"author":1,"featured_media":0,"comment_status":"open","ping_status":"open","sticky":false,"template":"","format":"standard","meta":{"footnotes":""},"categories":[58],"tags":[],"class_list":["post-1712","post","type-post","status-publish","format-standard","hentry","category-libros"],"_links":{"self":[{"href":"https:\/\/www.fidelfrances.es\/index.php\/wp-json\/wp\/v2\/posts\/1712","targetHints":{"allow":["GET"]}}],"collection":[{"href":"https:\/\/www.fidelfrances.es\/index.php\/wp-json\/wp\/v2\/posts"}],"about":[{"href":"https:\/\/www.fidelfrances.es\/index.php\/wp-json\/wp\/v2\/types\/post"}],"author":[{"embeddable":true,"href":"https:\/\/www.fidelfrances.es\/index.php\/wp-json\/wp\/v2\/users\/1"}],"replies":[{"embeddable":true,"href":"https:\/\/www.fidelfrances.es\/index.php\/wp-json\/wp\/v2\/comments?post=1712"}],"version-history":[{"count":2,"href":"https:\/\/www.fidelfrances.es\/index.php\/wp-json\/wp\/v2\/posts\/1712\/revisions"}],"predecessor-version":[{"id":1714,"href":"https:\/\/www.fidelfrances.es\/index.php\/wp-json\/wp\/v2\/posts\/1712\/revisions\/1714"}],"wp:attachment":[{"href":"https:\/\/www.fidelfrances.es\/index.php\/wp-json\/wp\/v2\/media?parent=1712"}],"wp:term":[{"taxonomy":"category","embeddable":true,"href":"https:\/\/www.fidelfrances.es\/index.php\/wp-json\/wp\/v2\/categories?post=1712"},{"taxonomy":"post_tag","embeddable":true,"href":"https:\/\/www.fidelfrances.es\/index.php\/wp-json\/wp\/v2\/tags?post=1712"}],"curies":[{"name":"wp","href":"https:\/\/api.w.org\/{rel}","templated":true}]}}