{"id":1802,"date":"2023-01-28T12:53:52","date_gmt":"2023-01-28T11:53:52","guid":{"rendered":"https:\/\/www.fidelfrances.es\/?p=1802"},"modified":"2023-01-28T12:53:52","modified_gmt":"2023-01-28T11:53:52","slug":"miro-mallorca","status":"publish","type":"post","link":"https:\/\/www.fidelfrances.es\/index.php\/2023\/01\/28\/miro-mallorca\/","title":{"rendered":"Mir\u00f3-Mallorca"},"content":{"rendered":"\n<p class=\"wp-block-paragraph\">Con motivo de mi reciente visita a Palma de Mallorca no pod\u00eda dejar pasar por alto una visita al museo de la Fundaci\u00f3n Mir\u00f3 en Palma. Es cierto que est\u00e1 un tanto alejado del centro de la ciudad y que se necesita transporte, pero tambi\u00e9n es cierto que merece la pena disfrutar de un ma\u00f1ana de domingo en este entorno privilegiado de la isla.<\/p>\n\n\n\n<p class=\"wp-block-paragraph\">Mir\u00f3 se instal\u00f3 en Son Boter en 1959  y permaneci\u00f3 hasta su muerte en 1983. En 1981 se constituy\u00f3 la Fundaci\u00f3n que hizo junto con su esposa Pilar y que don\u00f3 a la ciudad de Palma.<\/p>\n\n\n\n<!--more-->\n\n\n\n<p class=\"wp-block-paragraph\">El museo consta de3 edificios. El <strong>edificio central fue construido por Moneo<\/strong> y es el que alberga la exposici\u00f3n central con obras de Mir\u00f3 realizadas entre los a\u00f1os 60 y 80, aunque tambi\u00e9n cuenta con una obra de 1908.<\/p>\n\n\n\n<figure class=\"wp-block-image size-large is-resized\"><img loading=\"lazy\" decoding=\"async\" src=\"https:\/\/www.fidelfrances.es\/wp-content\/uploads\/2023\/01\/20230122_122801-768x1024.jpg\" alt=\"\" class=\"wp-image-1806\" width=\"436\" height=\"581\" srcset=\"https:\/\/www.fidelfrances.es\/wp-content\/uploads\/2023\/01\/20230122_122801-768x1024.jpg 768w, https:\/\/www.fidelfrances.es\/wp-content\/uploads\/2023\/01\/20230122_122801-225x300.jpg 225w, https:\/\/www.fidelfrances.es\/wp-content\/uploads\/2023\/01\/20230122_122801-1152x1536.jpg 1152w, https:\/\/www.fidelfrances.es\/wp-content\/uploads\/2023\/01\/20230122_122801-1536x2048.jpg 1536w, https:\/\/www.fidelfrances.es\/wp-content\/uploads\/2023\/01\/20230122_122801-scaled.jpg 1920w\" sizes=\"auto, (max-width: 436px) 100vw, 436px\" \/><figcaption class=\"wp-element-caption\">Edificio Moneo<\/figcaption><\/figure>\n\n\n\n<p class=\"wp-block-paragraph\">Personalmente me gust\u00f3 mucho el <strong>Taller de Sert<\/strong> ( debe su nombre a que fue construido por su amigo arquitecto) y que ed el taller donde trabajaba. Est\u00e1 compuesto por todo tipo de objetos, utensilios de trabajo y obras del autor en proceso de elaboraci\u00f3n.<\/p>\n\n\n\n<figure class=\"wp-block-gallery has-nested-images columns-default is-cropped wp-block-gallery-1 is-layout-flex wp-block-gallery-is-layout-flex\">\n<figure class=\"wp-block-image size-large\"><img loading=\"lazy\" decoding=\"async\" width=\"768\" height=\"1024\" data-id=\"1807\" src=\"https:\/\/www.fidelfrances.es\/wp-content\/uploads\/2023\/01\/miro1-768x1024.jpg\" alt=\"\" class=\"wp-image-1807\" srcset=\"https:\/\/www.fidelfrances.es\/wp-content\/uploads\/2023\/01\/miro1-768x1024.jpg 768w, https:\/\/www.fidelfrances.es\/wp-content\/uploads\/2023\/01\/miro1-225x300.jpg 225w, https:\/\/www.fidelfrances.es\/wp-content\/uploads\/2023\/01\/miro1-1152x1536.jpg 1152w, https:\/\/www.fidelfrances.es\/wp-content\/uploads\/2023\/01\/miro1-1536x2048.jpg 1536w, https:\/\/www.fidelfrances.es\/wp-content\/uploads\/2023\/01\/miro1-scaled.jpg 1920w\" sizes=\"auto, (max-width: 767px) 89vw, (max-width: 1000px) 54vw, (max-width: 1071px) 543px, 580px\" \/><figcaption class=\"wp-element-caption\">Taller Sert<\/figcaption><\/figure>\n<\/figure>\n\n\n\n<p class=\"wp-block-paragraph\">Y el tercer edificio es precisamente la casa de <strong>Son Boter<\/strong>, una antigua casa t\u00edpica mallorquina, en la monta\u00f1a sobre el mar (fue adquirida inicialmente con un premio obtenido   pintor) y que inicialmente fue su refugio y taller de escultura. Conserva los grafitis en las paredes y diversos objetos utilizados por el pintor.<\/p>\n\n\n\n<p class=\"wp-block-paragraph\"><\/p>\n","protected":false},"excerpt":{"rendered":"<p>Con motivo de mi reciente visita a Palma de Mallorca no pod\u00eda dejar pasar por alto una visita al museo de la Fundaci\u00f3n Mir\u00f3 en Palma. Es cierto que est\u00e1 un tanto alejado del centro de la ciudad y que se necesita transporte, pero tambi\u00e9n es cierto que merece la pena disfrutar de un ma\u00f1ana &hellip; <\/p>\n<p class=\"link-more\"><a href=\"https:\/\/www.fidelfrances.es\/index.php\/2023\/01\/28\/miro-mallorca\/\" class=\"more-link\">Continuar leyendo<span class=\"screen-reader-text\"> \u00abMir\u00f3-Mallorca\u00bb<\/span><\/a><\/p>\n","protected":false},"author":1,"featured_media":0,"comment_status":"open","ping_status":"open","sticky":false,"template":"","format":"standard","meta":{"footnotes":""},"categories":[59],"tags":[],"class_list":["post-1802","post","type-post","status-publish","format-standard","hentry","category-arte"],"_links":{"self":[{"href":"https:\/\/www.fidelfrances.es\/index.php\/wp-json\/wp\/v2\/posts\/1802","targetHints":{"allow":["GET"]}}],"collection":[{"href":"https:\/\/www.fidelfrances.es\/index.php\/wp-json\/wp\/v2\/posts"}],"about":[{"href":"https:\/\/www.fidelfrances.es\/index.php\/wp-json\/wp\/v2\/types\/post"}],"author":[{"embeddable":true,"href":"https:\/\/www.fidelfrances.es\/index.php\/wp-json\/wp\/v2\/users\/1"}],"replies":[{"embeddable":true,"href":"https:\/\/www.fidelfrances.es\/index.php\/wp-json\/wp\/v2\/comments?post=1802"}],"version-history":[{"count":2,"href":"https:\/\/www.fidelfrances.es\/index.php\/wp-json\/wp\/v2\/posts\/1802\/revisions"}],"predecessor-version":[{"id":1810,"href":"https:\/\/www.fidelfrances.es\/index.php\/wp-json\/wp\/v2\/posts\/1802\/revisions\/1810"}],"wp:attachment":[{"href":"https:\/\/www.fidelfrances.es\/index.php\/wp-json\/wp\/v2\/media?parent=1802"}],"wp:term":[{"taxonomy":"category","embeddable":true,"href":"https:\/\/www.fidelfrances.es\/index.php\/wp-json\/wp\/v2\/categories?post=1802"},{"taxonomy":"post_tag","embeddable":true,"href":"https:\/\/www.fidelfrances.es\/index.php\/wp-json\/wp\/v2\/tags?post=1802"}],"curies":[{"name":"wp","href":"https:\/\/api.w.org\/{rel}","templated":true}]}}