{"id":1842,"date":"2023-04-03T19:44:33","date_gmt":"2023-04-03T17:44:33","guid":{"rendered":"https:\/\/www.fidelfrances.es\/?p=1842"},"modified":"2023-04-03T20:23:10","modified_gmt":"2023-04-03T18:23:10","slug":"alto-alentejo-portalegre-crato-y-flor-da-rosa","status":"publish","type":"post","link":"https:\/\/www.fidelfrances.es\/index.php\/2023\/04\/03\/alto-alentejo-portalegre-crato-y-flor-da-rosa\/","title":{"rendered":"Alto Alentejo (Portalegre, Crato y Flor da Rosa)"},"content":{"rendered":"\n<p class=\"wp-block-paragraph\">No deja de ser curioso que a estas alturas me vaya de Erasmus, pero por circunstancias que no vienen a cuento as\u00ed ha sido durante los \u00faltimos 3 d\u00edas de marzo.He tenido la oportunidad de visitar una ciudad, Portalegre; que de otra forma posiblemente no hubiera visitado y sus alrededores. Especialmente Crato, Nisa y Flor da Rosa.<\/p>\n\n\n<div class=\"wp-block-image\">\n<figure class=\"aligncenter size-large is-resized\"><img loading=\"lazy\" decoding=\"async\" src=\"https:\/\/www.fidelfrances.es\/wp-content\/uploads\/2023\/04\/flordarsa-768x1024.jpg\" alt=\"\" class=\"wp-image-1838\" width=\"245\" height=\"326\" srcset=\"https:\/\/www.fidelfrances.es\/wp-content\/uploads\/2023\/04\/flordarsa-768x1024.jpg 768w, https:\/\/www.fidelfrances.es\/wp-content\/uploads\/2023\/04\/flordarsa-225x300.jpg 225w, https:\/\/www.fidelfrances.es\/wp-content\/uploads\/2023\/04\/flordarsa-1152x1536.jpg 1152w, https:\/\/www.fidelfrances.es\/wp-content\/uploads\/2023\/04\/flordarsa-1536x2048.jpg 1536w, https:\/\/www.fidelfrances.es\/wp-content\/uploads\/2023\/04\/flordarsa-scaled.jpg 1920w\" sizes=\"auto, (max-width: 245px) 100vw, 245px\" \/><\/figure>\n<\/div>\n\n\n<p class=\"wp-block-paragraph\">Conozco muchas zonas de Portugal, casi todas de la Costa, salvo Coimbra, pero nunca me hab\u00eda adentrado en el interior profundo del Alentejo y he podido disfrutar de bellos paisajes llenos de naranjos y limoneros, adem\u00e1s de extensiones importantes de olivares.<\/p>\n\n\n\n<!--more-->\n\n\n\n<p class=\"wp-block-paragraph\">Me ha llamado la atenci\u00f3n la forma de vida en esta comarca, con las calles en silencio, poca gente o ninguna por la calle, a pesar del calor de estos d\u00edas.<\/p>\n\n\n\n<p class=\"wp-block-paragraph\">Hablando con alguno de ellos se sent\u00edan muy a gusto de vivir en esta zona, de su tranquilidad frente a las ciudades y como siempre en Portugal muy amables con los visitantes.<\/p>\n\n\n<div class=\"wp-block-image\">\n<figure class=\"aligncenter size-large is-resized\"><img loading=\"lazy\" decoding=\"async\" src=\"https:\/\/www.fidelfrances.es\/wp-content\/uploads\/2023\/04\/Nissa-768x1024.jpg\" alt=\"\" class=\"wp-image-1841\" width=\"280\" height=\"373\" srcset=\"https:\/\/www.fidelfrances.es\/wp-content\/uploads\/2023\/04\/Nissa-768x1024.jpg 768w, https:\/\/www.fidelfrances.es\/wp-content\/uploads\/2023\/04\/Nissa-225x300.jpg 225w, https:\/\/www.fidelfrances.es\/wp-content\/uploads\/2023\/04\/Nissa-1152x1536.jpg 1152w, https:\/\/www.fidelfrances.es\/wp-content\/uploads\/2023\/04\/Nissa-1536x2048.jpg 1536w, https:\/\/www.fidelfrances.es\/wp-content\/uploads\/2023\/04\/Nissa-scaled.jpg 1920w\" sizes=\"auto, (max-width: 280px) 100vw, 280px\" \/><\/figure>\n<\/div>\n\n\n<p class=\"wp-block-paragraph\">Y tambi\u00e9n me ha llamado la atenci\u00f3n los equipamientos de lugares como Crato y Flor da Rosa, pueblos muy peque\u00f1os pero muy cuidados y con todos los servicios a disposici\u00f3n de los vecinos.<\/p>\n\n\n\n<p class=\"wp-block-paragraph\">Y todo esto a hora y media de Lisboa. Muy bonito y muy interesante la visita.<\/p>\n","protected":false},"excerpt":{"rendered":"<p>No deja de ser curioso que a estas alturas me vaya de Erasmus, pero por circunstancias que no vienen a cuento as\u00ed ha sido durante los \u00faltimos 3 d\u00edas de marzo.He tenido la oportunidad de visitar una ciudad, Portalegre; que de otra forma posiblemente no hubiera visitado y sus alrededores. Especialmente Crato, Nisa y Flor &hellip; <\/p>\n<p class=\"link-more\"><a href=\"https:\/\/www.fidelfrances.es\/index.php\/2023\/04\/03\/alto-alentejo-portalegre-crato-y-flor-da-rosa\/\" class=\"more-link\">Continuar leyendo<span class=\"screen-reader-text\"> \u00abAlto Alentejo (Portalegre, Crato y Flor da Rosa)\u00bb<\/span><\/a><\/p>\n","protected":false},"author":1,"featured_media":0,"comment_status":"open","ping_status":"open","sticky":false,"template":"","format":"standard","meta":{"footnotes":""},"categories":[66],"tags":[],"class_list":["post-1842","post","type-post","status-publish","format-standard","hentry","category-66"],"_links":{"self":[{"href":"https:\/\/www.fidelfrances.es\/index.php\/wp-json\/wp\/v2\/posts\/1842","targetHints":{"allow":["GET"]}}],"collection":[{"href":"https:\/\/www.fidelfrances.es\/index.php\/wp-json\/wp\/v2\/posts"}],"about":[{"href":"https:\/\/www.fidelfrances.es\/index.php\/wp-json\/wp\/v2\/types\/post"}],"author":[{"embeddable":true,"href":"https:\/\/www.fidelfrances.es\/index.php\/wp-json\/wp\/v2\/users\/1"}],"replies":[{"embeddable":true,"href":"https:\/\/www.fidelfrances.es\/index.php\/wp-json\/wp\/v2\/comments?post=1842"}],"version-history":[{"count":2,"href":"https:\/\/www.fidelfrances.es\/index.php\/wp-json\/wp\/v2\/posts\/1842\/revisions"}],"predecessor-version":[{"id":1849,"href":"https:\/\/www.fidelfrances.es\/index.php\/wp-json\/wp\/v2\/posts\/1842\/revisions\/1849"}],"wp:attachment":[{"href":"https:\/\/www.fidelfrances.es\/index.php\/wp-json\/wp\/v2\/media?parent=1842"}],"wp:term":[{"taxonomy":"category","embeddable":true,"href":"https:\/\/www.fidelfrances.es\/index.php\/wp-json\/wp\/v2\/categories?post=1842"},{"taxonomy":"post_tag","embeddable":true,"href":"https:\/\/www.fidelfrances.es\/index.php\/wp-json\/wp\/v2\/tags?post=1842"}],"curies":[{"name":"wp","href":"https:\/\/api.w.org\/{rel}","templated":true}]}}