{"id":1862,"date":"2023-05-26T21:00:22","date_gmt":"2023-05-26T19:00:22","guid":{"rendered":"https:\/\/www.fidelfrances.es\/?p=1862"},"modified":"2023-05-26T21:00:22","modified_gmt":"2023-05-26T19:00:22","slug":"luna-de-lobos","status":"publish","type":"post","link":"https:\/\/www.fidelfrances.es\/index.php\/2023\/05\/26\/luna-de-lobos\/","title":{"rendered":"Luna de Lobos"},"content":{"rendered":"\n<p class=\"wp-block-paragraph\">Descubr\u00ed a Julio Llamazares a principios de los 90 hojeando por causalidad la biblioteca del IFP de Aguilar de Campoo y me encontr\u00e9 <em>La Lluvia Amarilla<\/em>. Desde entonces he le\u00eddo casi todo lo que ha publicado ( novelas, relatos y art\u00edculos).<\/p>\n\n\n\n<p class=\"wp-block-paragraph\">Con ocasi\u00f3n de su \u00faltimo libro <strong><em>Vagalume<\/em><\/strong> y antes de leerlo he querido volver a leer una de sus grandes obras que es<em> Luna de Lobos.<\/em><\/p>\n\n\n\n<p class=\"wp-block-paragraph\">Y me ha vuelto a impresionar esta historia de 3 maquis (\u00c1ngel, Ramiro y Gildo). Una historia que transcurre en las monta\u00f1as de Le\u00f3n entre los a\u00f1os 1937 y 1946,<\/p>\n\n\n\n<!--more-->\n\n\n\n<p class=\"wp-block-paragraph\">Narra la forma de vida escondidos en una cueva de la monta\u00f1a y la colaboraci\u00f3n que ten\u00edan de los familiares y otras gentes del pueblo. La persecuci\u00f3n de la guardia civil, el miedo a caer prisioneros y sobre todo la represi\u00f3n en la posguerra que se ejerci\u00f3 sobre todos aquellos que lucharon contra el franquismo y que en la novela representa el maestro \u00c1ngel. <\/p>\n\n\n\n<p class=\"wp-block-paragraph\">Despu\u00e9s de 10 a\u00f1os de lucha acaba huyendo sin ser apresado y viendo la represi\u00f3n que sufre su familia. <\/p>\n","protected":false},"excerpt":{"rendered":"<p>Descubr\u00ed a Julio Llamazares a principios de los 90 hojeando por causalidad la biblioteca del IFP de Aguilar de Campoo y me encontr\u00e9 La Lluvia Amarilla. Desde entonces he le\u00eddo casi todo lo que ha publicado ( novelas, relatos y art\u00edculos). Con ocasi\u00f3n de su \u00faltimo libro Vagalume y antes de leerlo he querido volver &hellip; <\/p>\n<p class=\"link-more\"><a href=\"https:\/\/www.fidelfrances.es\/index.php\/2023\/05\/26\/luna-de-lobos\/\" class=\"more-link\">Continuar leyendo<span class=\"screen-reader-text\"> \u00abLuna de Lobos\u00bb<\/span><\/a><\/p>\n","protected":false},"author":1,"featured_media":0,"comment_status":"open","ping_status":"open","sticky":false,"template":"","format":"standard","meta":{"footnotes":""},"categories":[58],"tags":[],"class_list":["post-1862","post","type-post","status-publish","format-standard","hentry","category-libros"],"_links":{"self":[{"href":"https:\/\/www.fidelfrances.es\/index.php\/wp-json\/wp\/v2\/posts\/1862","targetHints":{"allow":["GET"]}}],"collection":[{"href":"https:\/\/www.fidelfrances.es\/index.php\/wp-json\/wp\/v2\/posts"}],"about":[{"href":"https:\/\/www.fidelfrances.es\/index.php\/wp-json\/wp\/v2\/types\/post"}],"author":[{"embeddable":true,"href":"https:\/\/www.fidelfrances.es\/index.php\/wp-json\/wp\/v2\/users\/1"}],"replies":[{"embeddable":true,"href":"https:\/\/www.fidelfrances.es\/index.php\/wp-json\/wp\/v2\/comments?post=1862"}],"version-history":[{"count":1,"href":"https:\/\/www.fidelfrances.es\/index.php\/wp-json\/wp\/v2\/posts\/1862\/revisions"}],"predecessor-version":[{"id":1863,"href":"https:\/\/www.fidelfrances.es\/index.php\/wp-json\/wp\/v2\/posts\/1862\/revisions\/1863"}],"wp:attachment":[{"href":"https:\/\/www.fidelfrances.es\/index.php\/wp-json\/wp\/v2\/media?parent=1862"}],"wp:term":[{"taxonomy":"category","embeddable":true,"href":"https:\/\/www.fidelfrances.es\/index.php\/wp-json\/wp\/v2\/categories?post=1862"},{"taxonomy":"post_tag","embeddable":true,"href":"https:\/\/www.fidelfrances.es\/index.php\/wp-json\/wp\/v2\/tags?post=1862"}],"curies":[{"name":"wp","href":"https:\/\/api.w.org\/{rel}","templated":true}]}}