{"id":1897,"date":"2023-08-04T20:29:13","date_gmt":"2023-08-04T18:29:13","guid":{"rendered":"https:\/\/www.fidelfrances.es\/?p=1897"},"modified":"2023-08-04T20:29:13","modified_gmt":"2023-08-04T18:29:13","slug":"visita-a-pontevedra","status":"publish","type":"post","link":"https:\/\/www.fidelfrances.es\/index.php\/2023\/08\/04\/visita-a-pontevedra\/","title":{"rendered":"Visita a Pontevedra"},"content":{"rendered":"\n<p class=\"wp-block-paragraph\">Suelo visitar con frecuencia la zona de las Rias Baixas para ir a Sanxenxo y el valle del Saln\u00e9s, pero nunca hab\u00eda parado en la capital, en Pontevedra.<\/p>\n\n\n\n<p class=\"wp-block-paragraph\">Hab\u00eda le\u00eddo bastante sobre el modelo de ciudad y en concreto sobre la calidad de vida de Pontevedra y a ra\u00edz del \u00faltimo reportaje en el Pa\u00eds sobre la ciudad de los 15 minutos, esta vez s\u00ed me compromet\u00ed a parar y visitar tranquilamente Pontevedra.<\/p>\n\n\n\n<figure class=\"wp-block-image size-large is-resized\"><img loading=\"lazy\" decoding=\"async\" src=\"https:\/\/www.fidelfrances.es\/wp-content\/uploads\/2023\/08\/pontevedra2-768x1024.jpg\" alt=\"\" class=\"wp-image-1893\" width=\"273\" height=\"363\" srcset=\"https:\/\/www.fidelfrances.es\/wp-content\/uploads\/2023\/08\/pontevedra2-768x1024.jpg 768w, https:\/\/www.fidelfrances.es\/wp-content\/uploads\/2023\/08\/pontevedra2-225x300.jpg 225w, https:\/\/www.fidelfrances.es\/wp-content\/uploads\/2023\/08\/pontevedra2-1152x1536.jpg 1152w, https:\/\/www.fidelfrances.es\/wp-content\/uploads\/2023\/08\/pontevedra2-1536x2048.jpg 1536w, https:\/\/www.fidelfrances.es\/wp-content\/uploads\/2023\/08\/pontevedra2-scaled.jpg 1920w\" sizes=\"auto, (max-width: 273px) 100vw, 273px\" \/><\/figure>\n\n\n\n<!--more-->\n\n\n\n<p class=\"wp-block-paragraph\">Y realmente si respondi\u00f3 a las expectativas. Es una ciudad peque\u00f1a, de unos 70000 habitantes, que se puede recorrer a pie y que tiene un casco antiguo que es el centro de reuni\u00f3n de los vecinos.<\/p>\n\n\n\n<p class=\"wp-block-paragraph\">Adem\u00e1s tiene un conjunto monumental en el que destaca su peque\u00f1a catedral y por supuesto su gastronom\u00eda como en toda Galicia.<\/p>\n\n\n\n<p class=\"wp-block-paragraph\">No quiero olvidarme de la informaci\u00f3n excelente que nos ofrecieron en la oficina de turismo y la suerte de contar con un gu\u00eda que nos explic\u00f3 todos los rincones de la ciudad estupendamente.<\/p>\n\n\n\n<p class=\"wp-block-paragraph\">Merece la pena visitarla y cambiarla por un d\u00eda de playa.<\/p>\n\n\n\n<figure class=\"wp-block-image size-large is-resized\"><img loading=\"lazy\" decoding=\"async\" src=\"https:\/\/www.fidelfrances.es\/wp-content\/uploads\/2023\/08\/pontevedra1-768x1024.jpg\" alt=\"\" class=\"wp-image-1894\" width=\"328\" height=\"437\" srcset=\"https:\/\/www.fidelfrances.es\/wp-content\/uploads\/2023\/08\/pontevedra1-768x1024.jpg 768w, https:\/\/www.fidelfrances.es\/wp-content\/uploads\/2023\/08\/pontevedra1-225x300.jpg 225w, https:\/\/www.fidelfrances.es\/wp-content\/uploads\/2023\/08\/pontevedra1-1152x1536.jpg 1152w, https:\/\/www.fidelfrances.es\/wp-content\/uploads\/2023\/08\/pontevedra1-1536x2048.jpg 1536w, https:\/\/www.fidelfrances.es\/wp-content\/uploads\/2023\/08\/pontevedra1-scaled.jpg 1920w\" sizes=\"auto, (max-width: 328px) 100vw, 328px\" \/><\/figure>\n","protected":false},"excerpt":{"rendered":"<p>Suelo visitar con frecuencia la zona de las Rias Baixas para ir a Sanxenxo y el valle del Saln\u00e9s, pero nunca hab\u00eda parado en la capital, en Pontevedra. Hab\u00eda le\u00eddo bastante sobre el modelo de ciudad y en concreto sobre la calidad de vida de Pontevedra y a ra\u00edz del \u00faltimo reportaje en el Pa\u00eds &hellip; <\/p>\n<p class=\"link-more\"><a href=\"https:\/\/www.fidelfrances.es\/index.php\/2023\/08\/04\/visita-a-pontevedra\/\" class=\"more-link\">Continuar leyendo<span class=\"screen-reader-text\"> \u00abVisita a Pontevedra\u00bb<\/span><\/a><\/p>\n","protected":false},"author":1,"featured_media":0,"comment_status":"open","ping_status":"open","sticky":false,"template":"","format":"standard","meta":{"footnotes":""},"categories":[66],"tags":[],"class_list":["post-1897","post","type-post","status-publish","format-standard","hentry","category-66"],"_links":{"self":[{"href":"https:\/\/www.fidelfrances.es\/index.php\/wp-json\/wp\/v2\/posts\/1897","targetHints":{"allow":["GET"]}}],"collection":[{"href":"https:\/\/www.fidelfrances.es\/index.php\/wp-json\/wp\/v2\/posts"}],"about":[{"href":"https:\/\/www.fidelfrances.es\/index.php\/wp-json\/wp\/v2\/types\/post"}],"author":[{"embeddable":true,"href":"https:\/\/www.fidelfrances.es\/index.php\/wp-json\/wp\/v2\/users\/1"}],"replies":[{"embeddable":true,"href":"https:\/\/www.fidelfrances.es\/index.php\/wp-json\/wp\/v2\/comments?post=1897"}],"version-history":[{"count":1,"href":"https:\/\/www.fidelfrances.es\/index.php\/wp-json\/wp\/v2\/posts\/1897\/revisions"}],"predecessor-version":[{"id":1898,"href":"https:\/\/www.fidelfrances.es\/index.php\/wp-json\/wp\/v2\/posts\/1897\/revisions\/1898"}],"wp:attachment":[{"href":"https:\/\/www.fidelfrances.es\/index.php\/wp-json\/wp\/v2\/media?parent=1897"}],"wp:term":[{"taxonomy":"category","embeddable":true,"href":"https:\/\/www.fidelfrances.es\/index.php\/wp-json\/wp\/v2\/categories?post=1897"},{"taxonomy":"post_tag","embeddable":true,"href":"https:\/\/www.fidelfrances.es\/index.php\/wp-json\/wp\/v2\/tags?post=1897"}],"curies":[{"name":"wp","href":"https:\/\/api.w.org\/{rel}","templated":true}]}}