{"id":1912,"date":"2023-09-10T17:33:17","date_gmt":"2023-09-10T15:33:17","guid":{"rendered":"https:\/\/www.fidelfrances.es\/?p=1912"},"modified":"2023-09-10T17:35:50","modified_gmt":"2023-09-10T15:35:50","slug":"viaje-por-navarra","status":"publish","type":"post","link":"https:\/\/www.fidelfrances.es\/index.php\/2023\/09\/10\/viaje-por-navarra\/","title":{"rendered":"Viaje por Navarra"},"content":{"rendered":"\n<p class=\"wp-block-paragraph\">Era la \u00fanica CCAA que no hab\u00eda visitado y planificamos una visita de 4 d\u00edas a finales de agosto y primeros de septiembre. Y con tan mala suerte nos pill\u00f3 la DANA.<\/p>\n\n\n\n<p class=\"wp-block-paragraph\">La visita transcurri\u00f3 por Pamplona con una visita inicial con gu\u00eda tur\u00edstico para aterrizar y despu\u00e9s visitar con m\u00e1s calma el casco hist\u00f3rico de la capital.<\/p>\n\n\n\n<p class=\"wp-block-paragraph\">Si que me sorprendi\u00f3 la muralla y su buen estado de conservaci\u00f3n.<\/p>\n\n\n<div class=\"wp-block-image\">\n<figure class=\"aligncenter size-full is-resized\"><img loading=\"lazy\" decoding=\"async\" src=\"https:\/\/www.fidelfrances.es\/wp-content\/uploads\/2023\/09\/image-2.jpeg\" alt=\"La imagen tiene un atributo ALT vac\u00edo; su nombre de archivo es 20230831_182525-768x1024.jpg\" class=\"wp-image-1919\" style=\"width:299px;height:399px\" width=\"299\" height=\"399\" srcset=\"https:\/\/www.fidelfrances.es\/wp-content\/uploads\/2023\/09\/image-2.jpeg 768w, https:\/\/www.fidelfrances.es\/wp-content\/uploads\/2023\/09\/image-2-225x300.jpeg 225w\" sizes=\"auto, (max-width: 299px) 100vw, 299px\" \/><\/figure>\n<\/div>\n\n\n<!--more-->\n\n\n\n<p class=\"wp-block-paragraph\">A pesar de no ser una ciudad muy monumental, merece la pena visitar el Ayuntamiento y su plaza -famosa por el chupinazo del 7 de julio- , la Catedral -que destaca por su interior g\u00f3tico pero no por su fachada principal que parece m\u00e1s un palacio- y las iglesias de San Saturnino &#8211; patrono de Pamplona que no San Ferm\u00edn- y la de San Lorenzo con la capilla que contiene la imagen de San Ferm\u00edn.<\/p>\n\n\n\n<p class=\"wp-block-paragraph\">Pero destaca sobre todo la ruta de San Ferm\u00edn y la cantidad de bares de sus calles donde se puede disfrutar de la cocina navarra de calidad y se mantiene la costumbre del tapeo que en otras ciudades se est\u00e1 perdiendo.<\/p>\n\n\n\n<p class=\"wp-block-paragraph\">Otro de los d\u00edas pudimos hacer una ruta por el famoso Valle del Bazt\u00e1n partiendo del Elizondo, visitando el mirador del valle y el parque natural de Bert\u00edz con el rio Bidasoa a sus pies. Una visita muy bonita con un paisaje incomparable por las rutas de la Inspectora Salazar y su trilog\u00eda sobre el Valle del Bazt\u00e1n.<\/p>\n\n\n<div class=\"wp-block-image\">\n<figure class=\"aligncenter size-large is-resized\"><img loading=\"lazy\" decoding=\"async\" src=\"https:\/\/www.fidelfrances.es\/wp-content\/uploads\/2023\/09\/20230901_131912-768x1024.jpg\" alt=\"\" class=\"wp-image-1915\" style=\"width:288px;height:384px\" width=\"288\" height=\"384\" srcset=\"https:\/\/www.fidelfrances.es\/wp-content\/uploads\/2023\/09\/20230901_131912-768x1024.jpg 768w, https:\/\/www.fidelfrances.es\/wp-content\/uploads\/2023\/09\/20230901_131912-225x300.jpg 225w, https:\/\/www.fidelfrances.es\/wp-content\/uploads\/2023\/09\/20230901_131912-1152x1536.jpg 1152w, https:\/\/www.fidelfrances.es\/wp-content\/uploads\/2023\/09\/20230901_131912-1536x2048.jpg 1536w, https:\/\/www.fidelfrances.es\/wp-content\/uploads\/2023\/09\/20230901_131912-scaled.jpg 1920w\" sizes=\"auto, (max-width: 288px) 100vw, 288px\" \/><\/figure>\n<\/div>\n\n\n<p class=\"wp-block-paragraph\">Debido a la DANA queda para otra ocasi\u00f3n Olite y la Selva de Irati<\/p>\n","protected":false},"excerpt":{"rendered":"<p>Era la \u00fanica CCAA que no hab\u00eda visitado y planificamos una visita de 4 d\u00edas a finales de agosto y primeros de septiembre. Y con tan mala suerte nos pill\u00f3 la DANA. La visita transcurri\u00f3 por Pamplona con una visita inicial con gu\u00eda tur\u00edstico para aterrizar y despu\u00e9s visitar con m\u00e1s calma el casco hist\u00f3rico &hellip; <\/p>\n<p class=\"link-more\"><a href=\"https:\/\/www.fidelfrances.es\/index.php\/2023\/09\/10\/viaje-por-navarra\/\" class=\"more-link\">Continuar leyendo<span class=\"screen-reader-text\"> \u00abViaje por Navarra\u00bb<\/span><\/a><\/p>\n","protected":false},"author":1,"featured_media":0,"comment_status":"open","ping_status":"open","sticky":false,"template":"","format":"standard","meta":{"footnotes":""},"categories":[66],"tags":[],"class_list":["post-1912","post","type-post","status-publish","format-standard","hentry","category-66"],"_links":{"self":[{"href":"https:\/\/www.fidelfrances.es\/index.php\/wp-json\/wp\/v2\/posts\/1912","targetHints":{"allow":["GET"]}}],"collection":[{"href":"https:\/\/www.fidelfrances.es\/index.php\/wp-json\/wp\/v2\/posts"}],"about":[{"href":"https:\/\/www.fidelfrances.es\/index.php\/wp-json\/wp\/v2\/types\/post"}],"author":[{"embeddable":true,"href":"https:\/\/www.fidelfrances.es\/index.php\/wp-json\/wp\/v2\/users\/1"}],"replies":[{"embeddable":true,"href":"https:\/\/www.fidelfrances.es\/index.php\/wp-json\/wp\/v2\/comments?post=1912"}],"version-history":[{"count":4,"href":"https:\/\/www.fidelfrances.es\/index.php\/wp-json\/wp\/v2\/posts\/1912\/revisions"}],"predecessor-version":[{"id":1922,"href":"https:\/\/www.fidelfrances.es\/index.php\/wp-json\/wp\/v2\/posts\/1912\/revisions\/1922"}],"wp:attachment":[{"href":"https:\/\/www.fidelfrances.es\/index.php\/wp-json\/wp\/v2\/media?parent=1912"}],"wp:term":[{"taxonomy":"category","embeddable":true,"href":"https:\/\/www.fidelfrances.es\/index.php\/wp-json\/wp\/v2\/categories?post=1912"},{"taxonomy":"post_tag","embeddable":true,"href":"https:\/\/www.fidelfrances.es\/index.php\/wp-json\/wp\/v2\/tags?post=1912"}],"curies":[{"name":"wp","href":"https:\/\/api.w.org\/{rel}","templated":true}]}}