{"id":1970,"date":"2023-12-18T21:27:41","date_gmt":"2023-12-18T20:27:41","guid":{"rendered":"https:\/\/www.fidelfrances.es\/?p=1970"},"modified":"2023-12-18T21:27:41","modified_gmt":"2023-12-18T20:27:41","slug":"un-tal-gonzalez","status":"publish","type":"post","link":"https:\/\/www.fidelfrances.es\/index.php\/2023\/12\/18\/un-tal-gonzalez\/","title":{"rendered":"Un tal Gonz\u00e1lez"},"content":{"rendered":"\n<p class=\"wp-block-paragraph\">Del libro de Sergio del Molino me he quedado con muchas cosas, pero sobre todo con una frase \u00absi te afliges, te alojan\u00bb. Frase dicha por Omar Torrijos a a un joven Felipe Gonz\u00e1lez en sus inicios.<\/p>\n\n\n\n<p class=\"wp-block-paragraph\">M\u00e1s que un libro sobre la figura carism\u00e1tica de FG yo creo que es un libro sobre la historia de la Transici\u00f3n.<\/p>\n\n\n\n<p class=\"wp-block-paragraph\">Analiza desde que se hace con el poder del PSOE en el 76 hasta la etapa final del 93 al 96 y la derrota dulce en aquel a\u00f1o.<\/p>\n\n\n\n<!--more-->\n\n\n\n<p class=\"wp-block-paragraph\">Por el medio relata los acontecimientos ocurridos en el 77, la derrota del 79 cuando se pensaba en ganar y la victoria aplastante de 1982 y lo que supuso para  este  pa\u00eds. La decisi\u00f3n sobre la OTAN, la Uni\u00f3n Europea, los conflictos con los sindicatos y la reconversi\u00f3n industrial y por supuesto los \u00e9xitos en sanidad o educaci\u00f3n y la puesta en marcha del estado de bienestar en Espa\u00f1a. Por supuesto sin olvidarse de los problemas de corrupci\u00f3n y el triste tema de los GAL que tanto da\u00f1o nos hizo.<\/p>\n\n\n\n<p class=\"wp-block-paragraph\">Interesante recordar toda aquella etapa en la que empez\u00e1bamos a enterarnos de que iba esto.<\/p>\n","protected":false},"excerpt":{"rendered":"<p>Del libro de Sergio del Molino me he quedado con muchas cosas, pero sobre todo con una frase \u00absi te afliges, te alojan\u00bb. Frase dicha por Omar Torrijos a a un joven Felipe Gonz\u00e1lez en sus inicios. M\u00e1s que un libro sobre la figura carism\u00e1tica de FG yo creo que es un libro sobre la &hellip; <\/p>\n<p class=\"link-more\"><a href=\"https:\/\/www.fidelfrances.es\/index.php\/2023\/12\/18\/un-tal-gonzalez\/\" class=\"more-link\">Continuar leyendo<span class=\"screen-reader-text\"> \u00abUn tal Gonz\u00e1lez\u00bb<\/span><\/a><\/p>\n","protected":false},"author":1,"featured_media":0,"comment_status":"open","ping_status":"open","sticky":false,"template":"","format":"standard","meta":{"footnotes":""},"categories":[58],"tags":[],"class_list":["post-1970","post","type-post","status-publish","format-standard","hentry","category-libros"],"_links":{"self":[{"href":"https:\/\/www.fidelfrances.es\/index.php\/wp-json\/wp\/v2\/posts\/1970","targetHints":{"allow":["GET"]}}],"collection":[{"href":"https:\/\/www.fidelfrances.es\/index.php\/wp-json\/wp\/v2\/posts"}],"about":[{"href":"https:\/\/www.fidelfrances.es\/index.php\/wp-json\/wp\/v2\/types\/post"}],"author":[{"embeddable":true,"href":"https:\/\/www.fidelfrances.es\/index.php\/wp-json\/wp\/v2\/users\/1"}],"replies":[{"embeddable":true,"href":"https:\/\/www.fidelfrances.es\/index.php\/wp-json\/wp\/v2\/comments?post=1970"}],"version-history":[{"count":1,"href":"https:\/\/www.fidelfrances.es\/index.php\/wp-json\/wp\/v2\/posts\/1970\/revisions"}],"predecessor-version":[{"id":1971,"href":"https:\/\/www.fidelfrances.es\/index.php\/wp-json\/wp\/v2\/posts\/1970\/revisions\/1971"}],"wp:attachment":[{"href":"https:\/\/www.fidelfrances.es\/index.php\/wp-json\/wp\/v2\/media?parent=1970"}],"wp:term":[{"taxonomy":"category","embeddable":true,"href":"https:\/\/www.fidelfrances.es\/index.php\/wp-json\/wp\/v2\/categories?post=1970"},{"taxonomy":"post_tag","embeddable":true,"href":"https:\/\/www.fidelfrances.es\/index.php\/wp-json\/wp\/v2\/tags?post=1970"}],"curies":[{"name":"wp","href":"https:\/\/api.w.org\/{rel}","templated":true}]}}