{"id":2010,"date":"2024-02-22T18:10:14","date_gmt":"2024-02-22T17:10:14","guid":{"rendered":"https:\/\/www.fidelfrances.es\/?p=2010"},"modified":"2024-02-23T17:42:21","modified_gmt":"2024-02-23T16:42:21","slug":"el-avaro-moliere","status":"publish","type":"post","link":"https:\/\/www.fidelfrances.es\/index.php\/2024\/02\/22\/el-avaro-moliere\/","title":{"rendered":"El Avaro (Moliere)"},"content":{"rendered":"\n<p class=\"wp-block-paragraph\">En la visita que hice a Alicante en el mes de enero tuvimos la suerte de poder asistir en el Teatro Principal a la representaci\u00f3n de la obra de Moliere \u00abEl Avaro\u00bb. Hac\u00eda tiempo que la vi en Salamanca y me sorprendi\u00f3 la versi\u00f3n de la compa\u00f1\u00eda Atalaya y los profesionales tan estupendos, aunque no famosos, que la componen.<\/p>\n\n\n\n<p class=\"wp-block-paragraph\">La representaci\u00f3n es en forma de musical bajo la direcci\u00f3n de Ricardo Iniesta, con una magn\u00edfica escenograf\u00eda, con las puertas de entrada y salida como eje principal.<\/p>\n\n\n\n<!--more-->\n\n\n\n<p class=\"wp-block-paragraph\">Merece especial menci\u00f3n en el papel de ARPAGON que representa una magn\u00edfica Carmen Gallardo. y que en general es un trabajo coral con el resto de compa\u00f1eros formidable.<\/p>\n\n\n\n<p class=\"wp-block-paragraph\">La versi\u00f3n es ingeniosa, desenfadada y rabiosamente fresca. Realmente es una versi\u00f3n muy actual con gui\u00f1os a los grandes avaros actuales.<\/p>\n\n\n\n<p class=\"wp-block-paragraph\">No conoc\u00eda la versi\u00f3n ni a la compa\u00f1\u00eda Atalaya pero desde luego se merecen una felicitaci\u00f3n por el estupendo trabajo que realizan. A veces desde provincial tendemos a fijarnos en actores y compa\u00f1\u00edas conocidas y dejamos pasar oportunidades como esta. Menos mal que en Alicante pudimos disfrutarla.<\/p>\n","protected":false},"excerpt":{"rendered":"<p>En la visita que hice a Alicante en el mes de enero tuvimos la suerte de poder asistir en el Teatro Principal a la representaci\u00f3n de la obra de Moliere \u00abEl Avaro\u00bb. Hac\u00eda tiempo que la vi en Salamanca y me sorprendi\u00f3 la versi\u00f3n de la compa\u00f1\u00eda Atalaya y los profesionales tan estupendos, aunque no &hellip; <\/p>\n<p class=\"link-more\"><a href=\"https:\/\/www.fidelfrances.es\/index.php\/2024\/02\/22\/el-avaro-moliere\/\" class=\"more-link\">Continuar leyendo<span class=\"screen-reader-text\"> \u00abEl Avaro (Moliere)\u00bb<\/span><\/a><\/p>\n","protected":false},"author":1,"featured_media":0,"comment_status":"open","ping_status":"open","sticky":false,"template":"","format":"standard","meta":{"footnotes":""},"categories":[57],"tags":[],"class_list":["post-2010","post","type-post","status-publish","format-standard","hentry","category-cine-y-teatro"],"_links":{"self":[{"href":"https:\/\/www.fidelfrances.es\/index.php\/wp-json\/wp\/v2\/posts\/2010","targetHints":{"allow":["GET"]}}],"collection":[{"href":"https:\/\/www.fidelfrances.es\/index.php\/wp-json\/wp\/v2\/posts"}],"about":[{"href":"https:\/\/www.fidelfrances.es\/index.php\/wp-json\/wp\/v2\/types\/post"}],"author":[{"embeddable":true,"href":"https:\/\/www.fidelfrances.es\/index.php\/wp-json\/wp\/v2\/users\/1"}],"replies":[{"embeddable":true,"href":"https:\/\/www.fidelfrances.es\/index.php\/wp-json\/wp\/v2\/comments?post=2010"}],"version-history":[{"count":2,"href":"https:\/\/www.fidelfrances.es\/index.php\/wp-json\/wp\/v2\/posts\/2010\/revisions"}],"predecessor-version":[{"id":2025,"href":"https:\/\/www.fidelfrances.es\/index.php\/wp-json\/wp\/v2\/posts\/2010\/revisions\/2025"}],"wp:attachment":[{"href":"https:\/\/www.fidelfrances.es\/index.php\/wp-json\/wp\/v2\/media?parent=2010"}],"wp:term":[{"taxonomy":"category","embeddable":true,"href":"https:\/\/www.fidelfrances.es\/index.php\/wp-json\/wp\/v2\/categories?post=2010"},{"taxonomy":"post_tag","embeddable":true,"href":"https:\/\/www.fidelfrances.es\/index.php\/wp-json\/wp\/v2\/tags?post=2010"}],"curies":[{"name":"wp","href":"https:\/\/api.w.org\/{rel}","templated":true}]}}