{"id":2029,"date":"2024-03-02T13:23:45","date_gmt":"2024-03-02T12:23:45","guid":{"rendered":"https:\/\/www.fidelfrances.es\/?p=2029"},"modified":"2024-03-02T13:23:45","modified_gmt":"2024-03-02T12:23:45","slug":"que-nadie-duerma","status":"publish","type":"post","link":"https:\/\/www.fidelfrances.es\/index.php\/2024\/03\/02\/que-nadie-duerma\/","title":{"rendered":"Que nadie duerma"},"content":{"rendered":"\n<p class=\"wp-block-paragraph\">Pel\u00edcula de Antonio M\u00e9ndez Esparza y por la que se ha llevado un Goya a la mejor actriz Malena Alterio.<\/p>\n\n\n\n<p class=\"wp-block-paragraph\">Basada en una novela de Juanjo Mill\u00e1s y fiel a su estilo resulta desconcertante sobre todo al principio.<\/p>\n\n\n\n<p class=\"wp-block-paragraph\">Luc\u00eda (Malena Alterio) es despedida como inform\u00e1tica y decide dedicarse al taxi que tanto le gustaba a su madre fallecida  la vez que sigue enamorada de su vecino actor que ha abandonado su domicilio sin dejar rastro.<\/p>\n\n\n\n<!--more-->\n\n\n\n<p class=\"wp-block-paragraph\">Por el taxi van pasando sucesivos personajes, la productora teatral, el escritor e incluso el propio vecino actor. Luc\u00eda entable una amistad con ellos profunda hasta que descubre que la obra que representa, escrita y producida por los personajes citados es realmente la obra de su vida.<\/p>\n\n\n\n<p class=\"wp-block-paragraph\">El final tambi\u00e9n a lo Mill\u00e1s, imprevisto. Su vida ha estado marcada por el suicidio de su madre y decide vengarse de los personajes que pasan por el taxi<\/p>\n","protected":false},"excerpt":{"rendered":"<p>Pel\u00edcula de Antonio M\u00e9ndez Esparza y por la que se ha llevado un Goya a la mejor actriz Malena Alterio. Basada en una novela de Juanjo Mill\u00e1s y fiel a su estilo resulta desconcertante sobre todo al principio. Luc\u00eda (Malena Alterio) es despedida como inform\u00e1tica y decide dedicarse al taxi que tanto le gustaba a &hellip; <\/p>\n<p class=\"link-more\"><a href=\"https:\/\/www.fidelfrances.es\/index.php\/2024\/03\/02\/que-nadie-duerma\/\" class=\"more-link\">Continuar leyendo<span class=\"screen-reader-text\"> \u00abQue nadie duerma\u00bb<\/span><\/a><\/p>\n","protected":false},"author":1,"featured_media":0,"comment_status":"open","ping_status":"open","sticky":false,"template":"","format":"standard","meta":{"footnotes":""},"categories":[57],"tags":[],"class_list":["post-2029","post","type-post","status-publish","format-standard","hentry","category-cine-y-teatro"],"_links":{"self":[{"href":"https:\/\/www.fidelfrances.es\/index.php\/wp-json\/wp\/v2\/posts\/2029","targetHints":{"allow":["GET"]}}],"collection":[{"href":"https:\/\/www.fidelfrances.es\/index.php\/wp-json\/wp\/v2\/posts"}],"about":[{"href":"https:\/\/www.fidelfrances.es\/index.php\/wp-json\/wp\/v2\/types\/post"}],"author":[{"embeddable":true,"href":"https:\/\/www.fidelfrances.es\/index.php\/wp-json\/wp\/v2\/users\/1"}],"replies":[{"embeddable":true,"href":"https:\/\/www.fidelfrances.es\/index.php\/wp-json\/wp\/v2\/comments?post=2029"}],"version-history":[{"count":1,"href":"https:\/\/www.fidelfrances.es\/index.php\/wp-json\/wp\/v2\/posts\/2029\/revisions"}],"predecessor-version":[{"id":2030,"href":"https:\/\/www.fidelfrances.es\/index.php\/wp-json\/wp\/v2\/posts\/2029\/revisions\/2030"}],"wp:attachment":[{"href":"https:\/\/www.fidelfrances.es\/index.php\/wp-json\/wp\/v2\/media?parent=2029"}],"wp:term":[{"taxonomy":"category","embeddable":true,"href":"https:\/\/www.fidelfrances.es\/index.php\/wp-json\/wp\/v2\/categories?post=2029"},{"taxonomy":"post_tag","embeddable":true,"href":"https:\/\/www.fidelfrances.es\/index.php\/wp-json\/wp\/v2\/tags?post=2029"}],"curies":[{"name":"wp","href":"https:\/\/api.w.org\/{rel}","templated":true}]}}