{"id":2092,"date":"2024-05-17T18:46:11","date_gmt":"2024-05-17T16:46:11","guid":{"rendered":"https:\/\/www.fidelfrances.es\/?p=2092"},"modified":"2024-05-17T18:46:11","modified_gmt":"2024-05-17T16:46:11","slug":"el-caso-asunta","status":"publish","type":"post","link":"https:\/\/www.fidelfrances.es\/index.php\/2024\/05\/17\/el-caso-asunta\/","title":{"rendered":"El caso Asunta"},"content":{"rendered":"\n<p class=\"wp-block-paragraph\">Serie de 6 cap\u00edtulos en Netflix que nos ha hecho recordar la historia ocurrida en Santiago en 2013 en la que muri\u00f3 Asunta Porto Basterra que era hija adoptiva de Rosario Porto y el periodista Basterra.<\/p>\n\n\n\n<p class=\"wp-block-paragraph\">Fueron condenados a 18 a\u00f1os de c\u00e1rcel cada uno. El permanece en prisi\u00f3n y no cumplir\u00e1 condena hasta 2031. Ella se suicid\u00f3 en la c\u00e1rcel de Brieva en 2020.<\/p>\n\n\n\n<p class=\"wp-block-paragraph\">La historia es conocida de sobra pero quiero destacar el papel de Javier Guti\u00e9rrez como juez instructor. Un juez un tanto provocador y sin mucho respeto a los abogados defensores, aunque hay que reconocer que su instrucci\u00f3n sali\u00f3 adelante e incluso fue ratificada por las instancias superiores, incluido el Supremo.<\/p>\n\n\n\n<!--more-->\n\n\n\n<p class=\"wp-block-paragraph\">La serie plantea dos posibles soluciones al caso: una en la que Basterra participa activamente en el asesinato dela ni\u00f1a y la otra en la que no hay pruebas suficientes para acusarle, a pesar del juez instructor.<\/p>\n\n\n\n<p class=\"wp-block-paragraph\">Me parecen buenas las interpretaciones de Trist\u00e1n Ulloa (Basterra) y Candela Pe\u00f1a (Rosario Porto) aunque quiz\u00e1 un poco exagerado el acento gallego de Candela. Tambi\u00e9n buena interpretaci\u00f3n de Mar\u00eda Le\u00f3n como guardia civil investigadora.<\/p>\n\n\n\n<p class=\"wp-block-paragraph\">Recomendable en estos tiempos en los que no hay muy buenos estrenos nacionales.<\/p>\n","protected":false},"excerpt":{"rendered":"<p>Serie de 6 cap\u00edtulos en Netflix que nos ha hecho recordar la historia ocurrida en Santiago en 2013 en la que muri\u00f3 Asunta Porto Basterra que era hija adoptiva de Rosario Porto y el periodista Basterra. Fueron condenados a 18 a\u00f1os de c\u00e1rcel cada uno. El permanece en prisi\u00f3n y no cumplir\u00e1 condena hasta 2031. &hellip; <\/p>\n<p class=\"link-more\"><a href=\"https:\/\/www.fidelfrances.es\/index.php\/2024\/05\/17\/el-caso-asunta\/\" class=\"more-link\">Continuar leyendo<span class=\"screen-reader-text\"> \u00abEl caso Asunta\u00bb<\/span><\/a><\/p>\n","protected":false},"author":1,"featured_media":0,"comment_status":"open","ping_status":"open","sticky":false,"template":"","format":"standard","meta":{"footnotes":""},"categories":[57],"tags":[],"class_list":["post-2092","post","type-post","status-publish","format-standard","hentry","category-cine-y-teatro"],"_links":{"self":[{"href":"https:\/\/www.fidelfrances.es\/index.php\/wp-json\/wp\/v2\/posts\/2092","targetHints":{"allow":["GET"]}}],"collection":[{"href":"https:\/\/www.fidelfrances.es\/index.php\/wp-json\/wp\/v2\/posts"}],"about":[{"href":"https:\/\/www.fidelfrances.es\/index.php\/wp-json\/wp\/v2\/types\/post"}],"author":[{"embeddable":true,"href":"https:\/\/www.fidelfrances.es\/index.php\/wp-json\/wp\/v2\/users\/1"}],"replies":[{"embeddable":true,"href":"https:\/\/www.fidelfrances.es\/index.php\/wp-json\/wp\/v2\/comments?post=2092"}],"version-history":[{"count":1,"href":"https:\/\/www.fidelfrances.es\/index.php\/wp-json\/wp\/v2\/posts\/2092\/revisions"}],"predecessor-version":[{"id":2093,"href":"https:\/\/www.fidelfrances.es\/index.php\/wp-json\/wp\/v2\/posts\/2092\/revisions\/2093"}],"wp:attachment":[{"href":"https:\/\/www.fidelfrances.es\/index.php\/wp-json\/wp\/v2\/media?parent=2092"}],"wp:term":[{"taxonomy":"category","embeddable":true,"href":"https:\/\/www.fidelfrances.es\/index.php\/wp-json\/wp\/v2\/categories?post=2092"},{"taxonomy":"post_tag","embeddable":true,"href":"https:\/\/www.fidelfrances.es\/index.php\/wp-json\/wp\/v2\/tags?post=2092"}],"curies":[{"name":"wp","href":"https:\/\/api.w.org\/{rel}","templated":true}]}}