{"id":2333,"date":"2025-08-19T13:54:37","date_gmt":"2025-08-19T11:54:37","guid":{"rendered":"https:\/\/www.fidelfrances.es\/?p=2333"},"modified":"2025-08-19T20:19:22","modified_gmt":"2025-08-19T18:19:22","slug":"sin-nada-que-hacer","status":"publish","type":"post","link":"https:\/\/www.fidelfrances.es\/index.php\/2025\/08\/19\/sin-nada-que-hacer\/","title":{"rendered":"Sin nada que hacer"},"content":{"rendered":"\n<p class=\"wp-block-paragraph\">Ahora que se pone de moda contar que hac\u00edas  en los veranos de tu juventud, eso es lo que yo principalmente recuerdo: no ten\u00edamos nada que hacer pero el caso es que no par\u00e1bamos de hacer cosas.<\/p>\n\n\n\n<p class=\"wp-block-paragraph\">En mi caso esos los recuerdos del verano abarcan el final del franquismo y las vacaciones escolares en el instituto iban desde junio a septiembre. ambos inclusive. Cuatro meses enteros sin obligaciones de ning\u00fan tipo.<\/p>\n\n\n\n<p class=\"wp-block-paragraph\">El plan era muy sencillo. A las 9 en punto ya est\u00e1bamos en la calle y si era posible con el bal\u00f3n debajo del brazo hasta las dos de la tarde en la que sab\u00edamos que hab\u00eda que estar en casa a disfrutar del cocido diario, algo que en mi barrio era todo un lujo en muchos casos.<\/p>\n\n\n\n<!--more-->\n\n\n\n<p class=\"wp-block-paragraph\">Por la tarde, sobre las tres y media ya est\u00e1bamos de vuelta a la calle. Nos daba igual la temperatura que hiciera, era el momento de irnos de caza o a recoger moras por el camino del cementerio. Eso s\u00ed, a las seis ya est\u00e1bamos esperando el bocadillo de chocolate que a m\u00ed personalmente era el que m\u00e1s me gustaba.<\/p>\n\n\n\n<p class=\"wp-block-paragraph\">Hab\u00eda que reponer fuerzas un ratito hasta que fuera bajando la temperatura y el sol y empezara la hora del juego colectivo con nuestras amigas de la calle. Por supuesto casi siempre al escondite y si fuera posible disfrutar de un polo de lim\u00f3n entre medias.<\/p>\n\n\n\n<p class=\"wp-block-paragraph\">No necesit\u00e1bamos m\u00e1s. No \u00edbamos de veraneo, solamente al rio los fines de semana o alguna tarde con los padres. Solo recuerdo un viaje en el verano del 73 a la ciudad sindical de Perlora en Asturias que le toc\u00f3 a mi padre como enlace sindical del textil. Toda una noche en un expreso de pie para ver el mar por primera vez.<\/p>\n\n\n\n<p class=\"wp-block-paragraph\">Pues a pesar de todo \u00e9ramos felices y los ve\u00edamos todo en technicolor sin darnos cuenta de lo que pasaba a nuestro alrededor. Solo pens\u00e1bamos en jugar y en aquella chica que nos empezaba a gustar y si esa sensaci\u00f3n ser\u00eda rec\u00edproca.<\/p>\n\n\n\n<p class=\"wp-block-paragraph\"><\/p>\n","protected":false},"excerpt":{"rendered":"<p>Ahora que se pone de moda contar que hac\u00edas en los veranos de tu juventud, eso es lo que yo principalmente recuerdo: no ten\u00edamos nada que hacer pero el caso es que no par\u00e1bamos de hacer cosas. En mi caso esos los recuerdos del verano abarcan el final del franquismo y las vacaciones escolares en &hellip; <\/p>\n<p class=\"link-more\"><a href=\"https:\/\/www.fidelfrances.es\/index.php\/2025\/08\/19\/sin-nada-que-hacer\/\" class=\"more-link\">Continuar leyendo<span class=\"screen-reader-text\"> \u00abSin nada que hacer\u00bb<\/span><\/a><\/p>\n","protected":false},"author":1,"featured_media":0,"comment_status":"open","ping_status":"open","sticky":false,"template":"","format":"standard","meta":{"footnotes":""},"categories":[74],"tags":[],"class_list":["post-2333","post","type-post","status-publish","format-standard","hentry","category-relatos"],"_links":{"self":[{"href":"https:\/\/www.fidelfrances.es\/index.php\/wp-json\/wp\/v2\/posts\/2333","targetHints":{"allow":["GET"]}}],"collection":[{"href":"https:\/\/www.fidelfrances.es\/index.php\/wp-json\/wp\/v2\/posts"}],"about":[{"href":"https:\/\/www.fidelfrances.es\/index.php\/wp-json\/wp\/v2\/types\/post"}],"author":[{"embeddable":true,"href":"https:\/\/www.fidelfrances.es\/index.php\/wp-json\/wp\/v2\/users\/1"}],"replies":[{"embeddable":true,"href":"https:\/\/www.fidelfrances.es\/index.php\/wp-json\/wp\/v2\/comments?post=2333"}],"version-history":[{"count":2,"href":"https:\/\/www.fidelfrances.es\/index.php\/wp-json\/wp\/v2\/posts\/2333\/revisions"}],"predecessor-version":[{"id":2346,"href":"https:\/\/www.fidelfrances.es\/index.php\/wp-json\/wp\/v2\/posts\/2333\/revisions\/2346"}],"wp:attachment":[{"href":"https:\/\/www.fidelfrances.es\/index.php\/wp-json\/wp\/v2\/media?parent=2333"}],"wp:term":[{"taxonomy":"category","embeddable":true,"href":"https:\/\/www.fidelfrances.es\/index.php\/wp-json\/wp\/v2\/categories?post=2333"},{"taxonomy":"post_tag","embeddable":true,"href":"https:\/\/www.fidelfrances.es\/index.php\/wp-json\/wp\/v2\/tags?post=2333"}],"curies":[{"name":"wp","href":"https:\/\/api.w.org\/{rel}","templated":true}]}}