{"id":2384,"date":"2025-10-15T16:47:39","date_gmt":"2025-10-15T14:47:39","guid":{"rendered":"https:\/\/www.fidelfrances.es\/?p=2384"},"modified":"2025-10-15T16:47:39","modified_gmt":"2025-10-15T14:47:39","slug":"el-exilio-interior","status":"publish","type":"post","link":"https:\/\/www.fidelfrances.es\/index.php\/2025\/10\/15\/el-exilio-interior\/","title":{"rendered":"El exilio interior"},"content":{"rendered":"\n<p class=\"wp-block-paragraph\">Novela de Miguel Salabert publicado en 2025 por Hoja de Lata con ep\u00edlogo de Juana Salabert y con un estudio de Isabelle Touton y Germ\u00e1n Labrador.  Novela entre la picaresca y el realismo social que hace un retrato descarnado de la Espa\u00f1a dela mayor\u00eda silenciosa y que algunos todav\u00eda hemos conocido en toda nuestra formaci\u00f3n hasta la muerte de Franco en 1975.<\/p>\n\n\n<div class=\"wp-block-image\">\n<figure class=\"aligncenter size-full is-resized\"><img loading=\"lazy\" decoding=\"async\" width=\"360\" height=\"522\" src=\"https:\/\/www.fidelfrances.es\/wp-content\/uploads\/2025\/10\/81MBmz5GSyL._SY522_.jpg\" alt=\"\" class=\"wp-image-2382\" style=\"width:191px;height:auto\" srcset=\"https:\/\/www.fidelfrances.es\/wp-content\/uploads\/2025\/10\/81MBmz5GSyL._SY522_.jpg 360w, https:\/\/www.fidelfrances.es\/wp-content\/uploads\/2025\/10\/81MBmz5GSyL._SY522_-207x300.jpg 207w\" sizes=\"auto, (max-width: 360px) 100vw, 360px\" \/><\/figure>\n<\/div>\n\n\n<!--more-->\n\n\n\n<p class=\"wp-block-paragraph\">Ram\u00f3n, alter ego del autor.  narra como se viv\u00eda en la posguerra en dos etapas. Su infancia de 1936 a 1951 y la etapa de 1951 a 1956.  En la primera etapa refleja toda su educaci\u00f3n, tutelada por la ense\u00f1anza religiosa y como se buscaba la vida para poder comer. En la segunda etapa, ya en su vida universitaria, narra la forma de vida en esa etapa tocando la familia de buena posici\u00f3n, los barrios obreros y los problemas familiares, la vida universitaria, etc.<\/p>\n\n\n\n<p class=\"wp-block-paragraph\">El autor emigr\u00f3 en 1956 a Francia donde escribi\u00f3 este libro que se public\u00f3 en 1961 en franc\u00e9s y d\u00f3nde trabaj\u00f3 como periodista. El libro se public\u00f3 en su lengua original en 1988.<\/p>\n","protected":false},"excerpt":{"rendered":"<p>Novela de Miguel Salabert publicado en 2025 por Hoja de Lata con ep\u00edlogo de Juana Salabert y con un estudio de Isabelle Touton y Germ\u00e1n Labrador. Novela entre la picaresca y el realismo social que hace un retrato descarnado de la Espa\u00f1a dela mayor\u00eda silenciosa y que algunos todav\u00eda hemos conocido en toda nuestra formaci\u00f3n &hellip; <\/p>\n<p class=\"link-more\"><a href=\"https:\/\/www.fidelfrances.es\/index.php\/2025\/10\/15\/el-exilio-interior\/\" class=\"more-link\">Continuar leyendo<span class=\"screen-reader-text\"> \u00abEl exilio interior\u00bb<\/span><\/a><\/p>\n","protected":false},"author":1,"featured_media":0,"comment_status":"open","ping_status":"open","sticky":false,"template":"","format":"standard","meta":{"footnotes":""},"categories":[58],"tags":[],"class_list":["post-2384","post","type-post","status-publish","format-standard","hentry","category-libros"],"_links":{"self":[{"href":"https:\/\/www.fidelfrances.es\/index.php\/wp-json\/wp\/v2\/posts\/2384","targetHints":{"allow":["GET"]}}],"collection":[{"href":"https:\/\/www.fidelfrances.es\/index.php\/wp-json\/wp\/v2\/posts"}],"about":[{"href":"https:\/\/www.fidelfrances.es\/index.php\/wp-json\/wp\/v2\/types\/post"}],"author":[{"embeddable":true,"href":"https:\/\/www.fidelfrances.es\/index.php\/wp-json\/wp\/v2\/users\/1"}],"replies":[{"embeddable":true,"href":"https:\/\/www.fidelfrances.es\/index.php\/wp-json\/wp\/v2\/comments?post=2384"}],"version-history":[{"count":1,"href":"https:\/\/www.fidelfrances.es\/index.php\/wp-json\/wp\/v2\/posts\/2384\/revisions"}],"predecessor-version":[{"id":2385,"href":"https:\/\/www.fidelfrances.es\/index.php\/wp-json\/wp\/v2\/posts\/2384\/revisions\/2385"}],"wp:attachment":[{"href":"https:\/\/www.fidelfrances.es\/index.php\/wp-json\/wp\/v2\/media?parent=2384"}],"wp:term":[{"taxonomy":"category","embeddable":true,"href":"https:\/\/www.fidelfrances.es\/index.php\/wp-json\/wp\/v2\/categories?post=2384"},{"taxonomy":"post_tag","embeddable":true,"href":"https:\/\/www.fidelfrances.es\/index.php\/wp-json\/wp\/v2\/tags?post=2384"}],"curies":[{"name":"wp","href":"https:\/\/api.w.org\/{rel}","templated":true}]}}