{"id":2388,"date":"2025-10-16T11:11:37","date_gmt":"2025-10-16T09:11:37","guid":{"rendered":"https:\/\/www.fidelfrances.es\/?p=2388"},"modified":"2025-10-16T11:11:37","modified_gmt":"2025-10-16T09:11:37","slug":"memorias-de-adriano-y-maruja-mallo","status":"publish","type":"post","link":"https:\/\/www.fidelfrances.es\/index.php\/2025\/10\/16\/memorias-de-adriano-y-maruja-mallo\/","title":{"rendered":"Memorias de Adriano y Maruja Mallo"},"content":{"rendered":"\n<p class=\"wp-block-paragraph\">Aunque el fin de semana del 12 de octubre no era la mejor fecha par visitar Madrid ( o eso creo yo), no quedaba otra. Era la \u00faltima representaci\u00f3n de <strong><em>Memorias de Adriano,<\/em><\/strong> interpretada por <strong><em>Llu\u00eds Homar <\/em><\/strong>que estuvo en agosto en el festival de M\u00e9rida y que despu\u00e9s ha estado en la capital en septiembre-octubre.<\/p>\n\n\n\n<p class=\"wp-block-paragraph\">Magistral L. Homar en su interpretaci\u00f3n sobre esta versi\u00f3n de la novela de Marguerite Yourcenar de Beatriz Ja\u00e9n y Brenda Escobedo en el Teatro Marquina. En un imperio en decadencia Adriano reflexiona sobre su vida, el poder, el amor y la muerte.<\/p>\n\n\n\n<!--more-->\n\n\n\n<p class=\"wp-block-paragraph\">Y ya de paso aprovechamos la visita para asistir en el <strong>Museo Reina Sof\u00eda<\/strong> a la primera gran exposici\u00f3n de su nueva etapa: <strong><em>\u00abMaruja Mallo m\u00e1scara y comp\u00e1s\u00bb<\/em><\/strong>.<\/p>\n\n\n<div class=\"wp-block-image\">\n<figure class=\"aligncenter size-large is-resized\"><img loading=\"lazy\" decoding=\"async\" width=\"1024\" height=\"768\" src=\"https:\/\/www.fidelfrances.es\/wp-content\/uploads\/2025\/10\/20251012_133445-1024x768.jpg\" alt=\"\" class=\"wp-image-2383\" style=\"width:339px;height:auto\" srcset=\"https:\/\/www.fidelfrances.es\/wp-content\/uploads\/2025\/10\/20251012_133445-1024x768.jpg 1024w, https:\/\/www.fidelfrances.es\/wp-content\/uploads\/2025\/10\/20251012_133445-300x225.jpg 300w, https:\/\/www.fidelfrances.es\/wp-content\/uploads\/2025\/10\/20251012_133445-768x576.jpg 768w, https:\/\/www.fidelfrances.es\/wp-content\/uploads\/2025\/10\/20251012_133445-1536x1152.jpg 1536w, https:\/\/www.fidelfrances.es\/wp-content\/uploads\/2025\/10\/20251012_133445-2048x1536.jpg 2048w\" sizes=\"auto, (max-width: 767px) 89vw, (max-width: 1000px) 54vw, (max-width: 1071px) 543px, 580px\" \/><\/figure>\n<\/div>\n\n\n<p class=\"wp-block-paragraph\">Maruja Mallo (1902-1995) una de las grandes figuras espa\u00f1olas de la Generaci\u00f3n del 27. Fue una visionaria que se adelant\u00f3 a su tiempo y que acab\u00f3 a exiliada en Argentina durante la guerra civil. Su obra va desde el realismo m\u00e1gico al surrealismo y las configuraciones geom\u00e9tricas de sus \u00faltimas obras.  La serie <em><strong>La verbena<\/strong><\/em> es quiz\u00e1 su obra m\u00e1s famosa.<\/p>\n\n\n\n<p class=\"wp-block-paragraph\">Y por supuesto, visita obligada al <em>Gernika <\/em>y Dal\u00ed con su famosa obra <em>Mujer en la ventana<\/em><\/p>\n","protected":false},"excerpt":{"rendered":"<p>Aunque el fin de semana del 12 de octubre no era la mejor fecha par visitar Madrid ( o eso creo yo), no quedaba otra. Era la \u00faltima representaci\u00f3n de Memorias de Adriano, interpretada por Llu\u00eds Homar que estuvo en agosto en el festival de M\u00e9rida y que despu\u00e9s ha estado en la capital en &hellip; <\/p>\n<p class=\"link-more\"><a href=\"https:\/\/www.fidelfrances.es\/index.php\/2025\/10\/16\/memorias-de-adriano-y-maruja-mallo\/\" class=\"more-link\">Continuar leyendo<span class=\"screen-reader-text\"> \u00abMemorias de Adriano y Maruja Mallo\u00bb<\/span><\/a><\/p>\n","protected":false},"author":1,"featured_media":0,"comment_status":"open","ping_status":"open","sticky":false,"template":"","format":"standard","meta":{"footnotes":""},"categories":[59,57],"tags":[],"class_list":["post-2388","post","type-post","status-publish","format-standard","hentry","category-arte","category-cine-y-teatro"],"_links":{"self":[{"href":"https:\/\/www.fidelfrances.es\/index.php\/wp-json\/wp\/v2\/posts\/2388","targetHints":{"allow":["GET"]}}],"collection":[{"href":"https:\/\/www.fidelfrances.es\/index.php\/wp-json\/wp\/v2\/posts"}],"about":[{"href":"https:\/\/www.fidelfrances.es\/index.php\/wp-json\/wp\/v2\/types\/post"}],"author":[{"embeddable":true,"href":"https:\/\/www.fidelfrances.es\/index.php\/wp-json\/wp\/v2\/users\/1"}],"replies":[{"embeddable":true,"href":"https:\/\/www.fidelfrances.es\/index.php\/wp-json\/wp\/v2\/comments?post=2388"}],"version-history":[{"count":1,"href":"https:\/\/www.fidelfrances.es\/index.php\/wp-json\/wp\/v2\/posts\/2388\/revisions"}],"predecessor-version":[{"id":2389,"href":"https:\/\/www.fidelfrances.es\/index.php\/wp-json\/wp\/v2\/posts\/2388\/revisions\/2389"}],"wp:attachment":[{"href":"https:\/\/www.fidelfrances.es\/index.php\/wp-json\/wp\/v2\/media?parent=2388"}],"wp:term":[{"taxonomy":"category","embeddable":true,"href":"https:\/\/www.fidelfrances.es\/index.php\/wp-json\/wp\/v2\/categories?post=2388"},{"taxonomy":"post_tag","embeddable":true,"href":"https:\/\/www.fidelfrances.es\/index.php\/wp-json\/wp\/v2\/tags?post=2388"}],"curies":[{"name":"wp","href":"https:\/\/api.w.org\/{rel}","templated":true}]}}