{"id":2423,"date":"2026-02-12T13:21:27","date_gmt":"2026-02-12T12:21:27","guid":{"rendered":"https:\/\/www.fidelfrances.es\/?p=2423"},"modified":"2026-02-12T13:21:27","modified_gmt":"2026-02-12T12:21:27","slug":"audiolibros","status":"publish","type":"post","link":"https:\/\/www.fidelfrances.es\/index.php\/2026\/02\/12\/audiolibros\/","title":{"rendered":"Audiolibros"},"content":{"rendered":"\n<p class=\"wp-block-paragraph\">\u00daltimamente me estoy aficionando a los audiolibros a trav\u00e9s de los podcast de la Cadena SER titulado \u00abUn libro una hora\u00bb. Y acabo de escuchar dos que no hab\u00eda le\u00eddo en su momento: <strong>\u00bb Memorias de Adriano\u00bb<\/strong> de M. Yourcenar y <strong>\u00abLa hoja roja\u00bb <\/strong>de Miguel Delibes.<\/p>\n\n\n\n<p class=\"wp-block-paragraph\"><strong>Memorias de Adriano<\/strong> fue escrito en los a\u00f1os 50 y narra la vida del emperador Adriano contada por \u00e9l mismo cuando contaba con 60 a\u00f1os.  Cuenta su infancia, el recuerdo de su abuelo y su marcha a Roma. Su inter\u00e9s por la cultura y aprender griego, as\u00ed como su ambici\u00f3n por el poder y su amistad con la esposa de su mentor Trajano. sus amores prohibidos y las obras de su reinado por todo el mundo.<\/p>\n\n\n\n<p class=\"wp-block-paragraph\">Destaca su inter\u00e9s por la cultura y las ciudades o las guerras, as\u00ed como el trato a la esclavitud, terminando con el ocaso f\u00edsico y mental que le lleva a la muerte.<\/p>\n\n\n\n<!--more-->\n\n\n\n<p class=\"wp-block-paragraph\">En <strong>La hoja roja,<\/strong> Delibes narra la vida de Eloy, un funcionario que recibe el homenaje de su jubilaci\u00f3n con 70 a\u00f1os y al que asiste el alcalde del ayuntamiento en el que trabajaba. Eloy vive con la chica que le asiste en su casa mientras su \u00fanico hijo reside en Madrid con su familia. La falta de afecto y la soledad le levan a dejar como heredera a esta mujer con la que comparte sus d\u00edas desde que le sali\u00f3 la hoja roja en el librillo del tabaco. Como es habitual en su literatura tambi\u00e9n narra la vida de la chica en su pueblo natal durante los a\u00f1os 50.<\/p>\n","protected":false},"excerpt":{"rendered":"<p>\u00daltimamente me estoy aficionando a los audiolibros a trav\u00e9s de los podcast de la Cadena SER titulado \u00abUn libro una hora\u00bb. Y acabo de escuchar dos que no hab\u00eda le\u00eddo en su momento: \u00bb Memorias de Adriano\u00bb de M. Yourcenar y \u00abLa hoja roja\u00bb de Miguel Delibes. Memorias de Adriano fue escrito en los a\u00f1os &hellip; <\/p>\n<p class=\"link-more\"><a href=\"https:\/\/www.fidelfrances.es\/index.php\/2026\/02\/12\/audiolibros\/\" class=\"more-link\">Continuar leyendo<span class=\"screen-reader-text\"> \u00abAudiolibros\u00bb<\/span><\/a><\/p>\n","protected":false},"author":1,"featured_media":0,"comment_status":"open","ping_status":"open","sticky":false,"template":"","format":"standard","meta":{"footnotes":""},"categories":[58],"tags":[],"class_list":["post-2423","post","type-post","status-publish","format-standard","hentry","category-libros"],"_links":{"self":[{"href":"https:\/\/www.fidelfrances.es\/index.php\/wp-json\/wp\/v2\/posts\/2423","targetHints":{"allow":["GET"]}}],"collection":[{"href":"https:\/\/www.fidelfrances.es\/index.php\/wp-json\/wp\/v2\/posts"}],"about":[{"href":"https:\/\/www.fidelfrances.es\/index.php\/wp-json\/wp\/v2\/types\/post"}],"author":[{"embeddable":true,"href":"https:\/\/www.fidelfrances.es\/index.php\/wp-json\/wp\/v2\/users\/1"}],"replies":[{"embeddable":true,"href":"https:\/\/www.fidelfrances.es\/index.php\/wp-json\/wp\/v2\/comments?post=2423"}],"version-history":[{"count":1,"href":"https:\/\/www.fidelfrances.es\/index.php\/wp-json\/wp\/v2\/posts\/2423\/revisions"}],"predecessor-version":[{"id":2424,"href":"https:\/\/www.fidelfrances.es\/index.php\/wp-json\/wp\/v2\/posts\/2423\/revisions\/2424"}],"wp:attachment":[{"href":"https:\/\/www.fidelfrances.es\/index.php\/wp-json\/wp\/v2\/media?parent=2423"}],"wp:term":[{"taxonomy":"category","embeddable":true,"href":"https:\/\/www.fidelfrances.es\/index.php\/wp-json\/wp\/v2\/categories?post=2423"},{"taxonomy":"post_tag","embeddable":true,"href":"https:\/\/www.fidelfrances.es\/index.php\/wp-json\/wp\/v2\/tags?post=2423"}],"curies":[{"name":"wp","href":"https:\/\/api.w.org\/{rel}","templated":true}]}}