{"id":2432,"date":"2026-03-03T13:52:59","date_gmt":"2026-03-03T12:52:59","guid":{"rendered":"https:\/\/www.fidelfrances.es\/?p=2432"},"modified":"2026-03-03T13:52:59","modified_gmt":"2026-03-03T12:52:59","slug":"la-hojarasca","status":"publish","type":"post","link":"https:\/\/www.fidelfrances.es\/index.php\/2026\/03\/03\/la-hojarasca\/","title":{"rendered":"La hojarasca"},"content":{"rendered":"\n<p class=\"wp-block-paragraph\">El primer libro de Garc\u00eda M\u00e1rquez y que es el origen del universo de Macondo. Se trata del primer muerto que ve el ni\u00f1o en el funeral del m\u00e9dico al que todo el mundo odiaba y no quer\u00edan hacer el funeral.<\/p>\n\n\n\n<p class=\"wp-block-paragraph\">Asisten al velatorio el coronel, su hija, su nieto y cuatro guajiros que los acompa\u00f1aban. El m\u00e9dico que hab\u00eda vivido en casa del coronel se mud\u00f3 de casa y se fue con \u00e9l la criada que trabaj\u00f3 durante muchos a\u00f1os en la casa del coronel pero que hab\u00eda desaparecido y nadie sab\u00eda nada de ella.<\/p>\n\n\n\n<!--more-->\n\n\n\n<p class=\"wp-block-paragraph\">A ra\u00edz de que el m\u00e9dico se negase a atender a enfermos del pueblo el alcalde decide no hacerle funeral y al final gracias al coronel se celebra este.<\/p>\n\n\n\n<p class=\"wp-block-paragraph\">Todo esto ocurre despu\u00e9s de que llegase la compa\u00f1\u00eda platanera y con ella la hojarasca que comienza a invadirlo todo.<\/p>\n\n\n\n<p class=\"wp-block-paragraph\">Era una asignatura pendiente que he tenido la oportunidad de escuchar en Audiolibro del podcast de la SER y lo recomiendo. Sobre todo si te gust\u00f3 el Coronel no tiene quien le escriba.<\/p>\n\n\n\n<p class=\"wp-block-paragraph\"><\/p>\n\n\n\n<p class=\"wp-block-paragraph\"><\/p>\n","protected":false},"excerpt":{"rendered":"<p>El primer libro de Garc\u00eda M\u00e1rquez y que es el origen del universo de Macondo. Se trata del primer muerto que ve el ni\u00f1o en el funeral del m\u00e9dico al que todo el mundo odiaba y no quer\u00edan hacer el funeral. Asisten al velatorio el coronel, su hija, su nieto y cuatro guajiros que los &hellip; <\/p>\n<p class=\"link-more\"><a href=\"https:\/\/www.fidelfrances.es\/index.php\/2026\/03\/03\/la-hojarasca\/\" class=\"more-link\">Continuar leyendo<span class=\"screen-reader-text\"> \u00abLa hojarasca\u00bb<\/span><\/a><\/p>\n","protected":false},"author":1,"featured_media":0,"comment_status":"open","ping_status":"open","sticky":false,"template":"","format":"standard","meta":{"footnotes":""},"categories":[58],"tags":[],"class_list":["post-2432","post","type-post","status-publish","format-standard","hentry","category-libros"],"_links":{"self":[{"href":"https:\/\/www.fidelfrances.es\/index.php\/wp-json\/wp\/v2\/posts\/2432","targetHints":{"allow":["GET"]}}],"collection":[{"href":"https:\/\/www.fidelfrances.es\/index.php\/wp-json\/wp\/v2\/posts"}],"about":[{"href":"https:\/\/www.fidelfrances.es\/index.php\/wp-json\/wp\/v2\/types\/post"}],"author":[{"embeddable":true,"href":"https:\/\/www.fidelfrances.es\/index.php\/wp-json\/wp\/v2\/users\/1"}],"replies":[{"embeddable":true,"href":"https:\/\/www.fidelfrances.es\/index.php\/wp-json\/wp\/v2\/comments?post=2432"}],"version-history":[{"count":1,"href":"https:\/\/www.fidelfrances.es\/index.php\/wp-json\/wp\/v2\/posts\/2432\/revisions"}],"predecessor-version":[{"id":2433,"href":"https:\/\/www.fidelfrances.es\/index.php\/wp-json\/wp\/v2\/posts\/2432\/revisions\/2433"}],"wp:attachment":[{"href":"https:\/\/www.fidelfrances.es\/index.php\/wp-json\/wp\/v2\/media?parent=2432"}],"wp:term":[{"taxonomy":"category","embeddable":true,"href":"https:\/\/www.fidelfrances.es\/index.php\/wp-json\/wp\/v2\/categories?post=2432"},{"taxonomy":"post_tag","embeddable":true,"href":"https:\/\/www.fidelfrances.es\/index.php\/wp-json\/wp\/v2\/tags?post=2432"}],"curies":[{"name":"wp","href":"https:\/\/api.w.org\/{rel}","templated":true}]}}