{"id":2444,"date":"2026-03-17T21:36:26","date_gmt":"2026-03-17T20:36:26","guid":{"rendered":"https:\/\/www.fidelfrances.es\/?p=2444"},"modified":"2026-03-17T21:36:26","modified_gmt":"2026-03-17T20:36:26","slug":"el-estatuto-del-becario","status":"publish","type":"post","link":"https:\/\/www.fidelfrances.es\/index.php\/2026\/03\/17\/el-estatuto-del-becario\/","title":{"rendered":"El Estatuto del Becario"},"content":{"rendered":"\n<p class=\"wp-block-paragraph\">Parece que al final el Estatuto del Becario llegar\u00e1 al Parlamento aunque con pocas o escasas posibilidades de salir adelante por la aritm\u00e9tica parlamentaria y debido a las presiones de empresarios y rectores.<\/p>\n\n\n\n<p class=\"wp-block-paragraph\">Actualmente estamos hablando de algo m\u00e1s de 1,7 millones dados de alta y sin salarios y es necesario expulsar la precariedad del empleo de los j\u00f3venes y que se regulen los derechos, las condiciones de la tutor\u00eda y los convenios firmados con las empresas, as\u00ed como las cotizaciones.<\/p>\n\n\n\n<!--more-->\n\n\n\n<p class=\"wp-block-paragraph\">Hay que evitar los trabajos low cost  y limitar el porcentaje de horas en cada t\u00edtulo y algo muy importante que es la \u00abpresunci\u00f3n de laboralidad\u00bb para distinguir lo que son pr\u00e1cticas de una relaci\u00f3n laboral con un contrato formativo en pr\u00e1cticas.<\/p>\n\n\n\n<p class=\"wp-block-paragraph\">Pero hay una cuesti\u00f3n con la que no estoy de acuerdo y es que sigan existiendo las pr\u00e1cticas extracurriculares para aquellos que ya han obtenido un t\u00edtulo. En estos casos solo cabe un contrato en pr\u00e1cticas si queremos acabar con la precariedad. No puede ser que alumnos que ya han hecho pr\u00e1cticas y obtenido un t\u00edtulo vuelvan \u00bb a hacer pr\u00e1cticas\u00bb otra vez.<\/p>\n","protected":false},"excerpt":{"rendered":"<p>Parece que al final el Estatuto del Becario llegar\u00e1 al Parlamento aunque con pocas o escasas posibilidades de salir adelante por la aritm\u00e9tica parlamentaria y debido a las presiones de empresarios y rectores. Actualmente estamos hablando de algo m\u00e1s de 1,7 millones dados de alta y sin salarios y es necesario expulsar la precariedad del &hellip; <\/p>\n<p class=\"link-more\"><a href=\"https:\/\/www.fidelfrances.es\/index.php\/2026\/03\/17\/el-estatuto-del-becario\/\" class=\"more-link\">Continuar leyendo<span class=\"screen-reader-text\"> \u00abEl Estatuto del Becario\u00bb<\/span><\/a><\/p>\n","protected":false},"author":1,"featured_media":0,"comment_status":"open","ping_status":"open","sticky":false,"template":"","format":"standard","meta":{"footnotes":""},"categories":[73],"tags":[],"class_list":["post-2444","post","type-post","status-publish","format-standard","hentry","category-reflexiones"],"_links":{"self":[{"href":"https:\/\/www.fidelfrances.es\/index.php\/wp-json\/wp\/v2\/posts\/2444","targetHints":{"allow":["GET"]}}],"collection":[{"href":"https:\/\/www.fidelfrances.es\/index.php\/wp-json\/wp\/v2\/posts"}],"about":[{"href":"https:\/\/www.fidelfrances.es\/index.php\/wp-json\/wp\/v2\/types\/post"}],"author":[{"embeddable":true,"href":"https:\/\/www.fidelfrances.es\/index.php\/wp-json\/wp\/v2\/users\/1"}],"replies":[{"embeddable":true,"href":"https:\/\/www.fidelfrances.es\/index.php\/wp-json\/wp\/v2\/comments?post=2444"}],"version-history":[{"count":1,"href":"https:\/\/www.fidelfrances.es\/index.php\/wp-json\/wp\/v2\/posts\/2444\/revisions"}],"predecessor-version":[{"id":2445,"href":"https:\/\/www.fidelfrances.es\/index.php\/wp-json\/wp\/v2\/posts\/2444\/revisions\/2445"}],"wp:attachment":[{"href":"https:\/\/www.fidelfrances.es\/index.php\/wp-json\/wp\/v2\/media?parent=2444"}],"wp:term":[{"taxonomy":"category","embeddable":true,"href":"https:\/\/www.fidelfrances.es\/index.php\/wp-json\/wp\/v2\/categories?post=2444"},{"taxonomy":"post_tag","embeddable":true,"href":"https:\/\/www.fidelfrances.es\/index.php\/wp-json\/wp\/v2\/tags?post=2444"}],"curies":[{"name":"wp","href":"https:\/\/api.w.org\/{rel}","templated":true}]}}