{"id":2463,"date":"2026-05-06T20:58:21","date_gmt":"2026-05-06T18:58:21","guid":{"rendered":"https:\/\/www.fidelfrances.es\/?p=2463"},"modified":"2026-05-06T20:58:21","modified_gmt":"2026-05-06T18:58:21","slug":"cabo-de-gata-2a-parte","status":"publish","type":"post","link":"https:\/\/www.fidelfrances.es\/index.php\/2026\/05\/06\/cabo-de-gata-2a-parte\/","title":{"rendered":"Cabo de Gata (2\u00aa parte)"},"content":{"rendered":"\n<p class=\"wp-block-paragraph\">Desde que en enero de 2025 fuimos por primera vez al Cabo de Gata nos quedamos fascinados por el paisaje y ahora en abril de 2026 hemos vuelto a dar un repaso a aquellas zonas que nos quedaron por visitar con m\u00e1s detenimiento.<\/p>\n\n\n\n<p class=\"wp-block-paragraph\">Es cierto que el tiempo no ha acompa\u00f1ado mucho pero no importa. De todas formas es una gozada visitar la zona de la temporada alta y sin aglomeraciones.<\/p>\n\n\n\n<p class=\"wp-block-paragraph\">Nos hemos alojado en otro de los grandes hoteles que est\u00e1n en Retamar, a la entrada del parque (CaboGataBeach). Hemos vuelto a visitar el Faro de cabo de Gata y su entorno, San Jos\u00e9 e incluso hemos podido disfrutar de una ma\u00f1ana soleada en la playa al pie del Faro.<\/p>\n\n\n\n<!--more-->\n\n\n\n<p class=\"wp-block-paragraph\">Hemos profundizado en la Caleta del Moro visitando sus miradores y sobre todo disfrutando de un arroz con carabineros en La Ola. Tambi\u00e9n hemos visitado Las Negras y Rodalquilar y su valle. Y si lo visit\u00e1is no dej\u00e9is de comer en El Parque situado en la misma playa en direcci\u00f3n al parque<\/p>\n\n\n\n<p class=\"wp-block-paragraph\"><\/p>\n","protected":false},"excerpt":{"rendered":"<p>Desde que en enero de 2025 fuimos por primera vez al Cabo de Gata nos quedamos fascinados por el paisaje y ahora en abril de 2026 hemos vuelto a dar un repaso a aquellas zonas que nos quedaron por visitar con m\u00e1s detenimiento. Es cierto que el tiempo no ha acompa\u00f1ado mucho pero no importa. &hellip; <\/p>\n<p class=\"link-more\"><a href=\"https:\/\/www.fidelfrances.es\/index.php\/2026\/05\/06\/cabo-de-gata-2a-parte\/\" class=\"more-link\">Continuar leyendo<span class=\"screen-reader-text\"> \u00abCabo de Gata (2\u00aa parte)\u00bb<\/span><\/a><\/p>\n","protected":false},"author":1,"featured_media":0,"comment_status":"open","ping_status":"open","sticky":false,"template":"","format":"standard","meta":{"footnotes":""},"categories":[76],"tags":[],"class_list":["post-2463","post","type-post","status-publish","format-standard","hentry","category-76"],"_links":{"self":[{"href":"https:\/\/www.fidelfrances.es\/index.php\/wp-json\/wp\/v2\/posts\/2463","targetHints":{"allow":["GET"]}}],"collection":[{"href":"https:\/\/www.fidelfrances.es\/index.php\/wp-json\/wp\/v2\/posts"}],"about":[{"href":"https:\/\/www.fidelfrances.es\/index.php\/wp-json\/wp\/v2\/types\/post"}],"author":[{"embeddable":true,"href":"https:\/\/www.fidelfrances.es\/index.php\/wp-json\/wp\/v2\/users\/1"}],"replies":[{"embeddable":true,"href":"https:\/\/www.fidelfrances.es\/index.php\/wp-json\/wp\/v2\/comments?post=2463"}],"version-history":[{"count":1,"href":"https:\/\/www.fidelfrances.es\/index.php\/wp-json\/wp\/v2\/posts\/2463\/revisions"}],"predecessor-version":[{"id":2464,"href":"https:\/\/www.fidelfrances.es\/index.php\/wp-json\/wp\/v2\/posts\/2463\/revisions\/2464"}],"wp:attachment":[{"href":"https:\/\/www.fidelfrances.es\/index.php\/wp-json\/wp\/v2\/media?parent=2463"}],"wp:term":[{"taxonomy":"category","embeddable":true,"href":"https:\/\/www.fidelfrances.es\/index.php\/wp-json\/wp\/v2\/categories?post=2463"},{"taxonomy":"post_tag","embeddable":true,"href":"https:\/\/www.fidelfrances.es\/index.php\/wp-json\/wp\/v2\/tags?post=2463"}],"curies":[{"name":"wp","href":"https:\/\/api.w.org\/{rel}","templated":true}]}}